{"id":872,"date":"2025-12-23T15:08:59","date_gmt":"2025-12-23T14:08:59","guid":{"rendered":"https:\/\/slimolifilho.com\/?p=872"},"modified":"2025-12-23T15:08:59","modified_gmt":"2025-12-23T14:08:59","slug":"supportons-paris-finale-champions-league-2025-paris-inter-milan-31-mai-2025","status":"publish","type":"post","link":"https:\/\/slimolifilho.com\/?p=872","title":{"rendered":"Supportons Paris. Finale Champions League 2025. Paris &#8211; Inter Milan 31 mai 2025."},"content":{"rendered":"\n<p>on vit un truc de fou. <\/p>\n\n\n\n<p>si vous saviez dans ma ville ce que repr\u00e9sente le foot et la passion de l&rsquo;ultra, on vit l&rsquo;Europe et la passion de l&rsquo;Europe.<\/p>\n\n\n\n<p>Etre en ballon rond, ce sport disciplinaire et cette discipline d&rsquo;enfance, l&rsquo;amnescia souvenir d&rsquo;enfance le monde du petit qui ne rentre jamais adulte, vous r\u00eavez de cet endroit et de cette representation. <\/p>\n\n\n\n<p>Ce que vivent les italiens, vous ne le saurez jamais par angoisse ou par imaginerie vivre autre chose que votre ville ou parce que vous n&rsquo;y etes jamais all\u00e9. <\/p>\n\n\n\n<p>De milano, de genes, de sampdoria, de bologne, de come, de lacques, de l&rsquo;industrie de turin. Ce calcionatto, calcio cantenatto, et ce drole de hooliganisme de nos enfance et barci bati de notre enfance g\u00e9n\u00e9ration baguette magique segolene royale alain souchon ou cigarette biere et football manager, aujourd&rsquo;hui encore football manager 2026 en novembre. <\/p>\n\n\n\n<p>Cette excitation, Paris la procure par la capaitale, par la soif du d\u00e9placement, de se d\u00e9placer, de vivre les parents, de vivr\u00e9 une atmosph\u00e8re et de vivre une ambiance connect\u00e9e. <\/p>\n\n\n\n<p>Des connect\u00e9es et des emplois, de l&rsquo;OTAN et du sommet du sport de l&rsquo;OTAN, de l&rsquo;art du militaire et du sommet du militaire.<\/p>\n\n\n\n<p>Dans ma ville, Nice, je vis la Brigade Sud, je vis le foot, le vis le hooliganisme depuis toujours, et capitaine depuis 2016, je vis aussi la gestion et la responsabilit\u00e9. <\/p>\n\n\n\n<p>A peine en aout de nos vacances, la saison pas encore termin\u00e9e, la saison pas encore finie, nous sommes d\u00e9j\u00e0 en plein lyc\u00e9e et en pleine excitation pour la Ligue des Champions 2025-2026. <\/p>\n\n\n\n<p>Tenez, j&rsquo;ai m\u00eame pas regard\u00e9 o\u00f9 \u00e7a va se jouer la finale 2026, celle de 2025 d\u00e9j\u00e0 \u00e0 Munich, d\u00e9j\u00e0 nos souvenirs, d\u00e9j\u00e0 dans nos t\u00eates. <\/p>\n\n\n\n<p>Notre \u00e9conomie \u00e0 Nice, o\u00f9 nous produisimes un PIB OTAN beaucoup trop haut pour 8% de personnes connect\u00e9es parlement de justice de Bruxelles et parlement de l&rsquo;ONU, on vit en fait surtout l&rsquo;associatif et l&rsquo;associatif est g\u00e9nial, prend, et fait vibrer.<\/p>\n\n\n\n<p>Autant qu&rsquo;un ballon rond, autant qu&rsquo;un football, autant qu&rsquo;un stade. <\/p>\n\n\n\n<p>Munich 2025, profitez, toute la France, on est associatifs, et toute la France de l&rsquo;associatif. <\/p>\n\n\n\n<p>Allez Paris, que vous gagniez, et que vous nous rapportiez cette m\u00e9daille de ligue des champions attendue, que vous nous avez fait un super jeux olympiques de Paris 2024 avec 69 m\u00e9dailles, et qu&rsquo;on rentre \u00e0 la maison sage et faire la fete ensemble. <\/p>\n\n\n\n<p>Le reste, le juridique, la Bruxelles ville, c&rsquo;est les sous, et le bien etre mental o\u00f9 nous nous trouvons. <\/p>\n\n\n\n<p>Nous, 4emes, derri\u00e8re vous certes, on attends notre tour. <\/p>\n\n\n\n<p>Brigade Sud. <\/p>\n\n\n\n<p>par sergio limoli filho, membre brigade sud 2022-2023 et responsable gestion ATA ville de Nice par la police (pour l&rsquo;instant en ADA 10 ans). <\/p>\n\n\n\n<p>Ixnay. <\/p>\n\n\n\n<p>faluch\u00e9 penifleswch mai 2010. <\/p>\n\n\n\n<p><\/p>\n\n\n\n<p><\/p>\n<p id=\"rop\"><small>Originally posted 2025-05-31 07:36:41. <\/small><\/p>","protected":false},"excerpt":{"rendered":"<p>on vit un truc de fou. si vous saviez dans ma ville ce que repr\u00e9sente le foot et la passion de l&rsquo;ultra, on vit l&rsquo;Europe et la passion de l&rsquo;Europe. Etre en ballon rond, ce sport disciplinaire et cette discipline d&rsquo;enfance, l&rsquo;amnescia souvenir d&rsquo;enfance le monde du petit qui ne rentre jamais adulte, vous r\u00eavez [&hellip;]<\/p>\n","protected":false},"author":1,"featured_media":875,"comment_status":"closed","ping_status":"closed","sticky":false,"template":"","format":"standard","meta":{"_jetpack_memberships_contains_paid_content":false,"footnotes":""},"categories":[13],"tags":[],"class_list":["post-872","post","type-post","status-publish","format-standard","has-post-thumbnail","hentry","category-societe"],"jetpack_featured_media_url":"https:\/\/slimolifilho.com\/wp-content\/uploads\/2025\/05\/psgintermilan2025_2.jpg","views":"","jetpack_sharing_enabled":true,"_links":{"self":[{"href":"https:\/\/slimolifilho.com\/index.php?rest_route=\/wp\/v2\/posts\/872","targetHints":{"allow":["GET"]}}],"collection":[{"href":"https:\/\/slimolifilho.com\/index.php?rest_route=\/wp\/v2\/posts"}],"about":[{"href":"https:\/\/slimolifilho.com\/index.php?rest_route=\/wp\/v2\/types\/post"}],"author":[{"embeddable":true,"href":"https:\/\/slimolifilho.com\/index.php?rest_route=\/wp\/v2\/users\/1"}],"replies":[{"embeddable":true,"href":"https:\/\/slimolifilho.com\/index.php?rest_route=%2Fwp%2Fv2%2Fcomments&post=872"}],"version-history":[{"count":1,"href":"https:\/\/slimolifilho.com\/index.php?rest_route=\/wp\/v2\/posts\/872\/revisions"}],"predecessor-version":[{"id":874,"href":"https:\/\/slimolifilho.com\/index.php?rest_route=\/wp\/v2\/posts\/872\/revisions\/874"}],"wp:featuredmedia":[{"embeddable":true,"href":"https:\/\/slimolifilho.com\/index.php?rest_route=\/wp\/v2\/media\/875"}],"wp:attachment":[{"href":"https:\/\/slimolifilho.com\/index.php?rest_route=%2Fwp%2Fv2%2Fmedia&parent=872"}],"wp:term":[{"taxonomy":"category","embeddable":true,"href":"https:\/\/slimolifilho.com\/index.php?rest_route=%2Fwp%2Fv2%2Fcategories&post=872"},{"taxonomy":"post_tag","embeddable":true,"href":"https:\/\/slimolifilho.com\/index.php?rest_route=%2Fwp%2Fv2%2Ftags&post=872"}],"curies":[{"name":"wp","href":"https:\/\/api.w.org\/{rel}","templated":true}]}}